{"id":1117,"global_id":"serviziostatistico.invalsi.it\/en?id=1117","global_id_lineage":["serviziostatistico.invalsi.it\/en?id=1117"],"author":"1","status":"publish","date":"2022-08-18 16:39:17","date_utc":"2022-08-18 15:39:17","modified":"2023-05-25 13:52:24","modified_utc":"2023-05-25 12:52:24","url":"https:\/\/serviziostatistico.invalsi.it\/en\/evento\/i-seminario-i-dati-invalsi-uno-strumento-per-la-ricerca\/","rest_url":"https:\/\/serviziostatistico.invalsi.it\/en\/wp-json\/tribe\/events\/v1\/events\/1117","title":"I Seminario <br> \u201cI dati INVALSI: uno strumento per la ricerca\u201d","description":"<div class=\"wp-block-image\">\n<figure class=\"aligncenter size-full\"><img decoding=\"async\" loading=\"lazy\" width=\"436\" height=\"101\" src=\"https:\/\/serviziostatistico.invalsi.it\/wp-content\/uploads\/2022\/08\/pon_2014.jpg\" alt=\"\" class=\"wp-image-1092\" srcset=\"https:\/\/serviziostatistico.invalsi.it\/wp-content\/uploads\/2022\/08\/pon_2014.jpg 436w, https:\/\/serviziostatistico.invalsi.it\/wp-content\/uploads\/2022\/08\/pon_2014-300x69.jpg 300w\" sizes=\"(max-width: 436px) 100vw, 436px\" \/><\/figure><\/div>\n\n\n<figure class=\"wp-block-image alignwide size-large\"><img decoding=\"async\" loading=\"lazy\" width=\"1024\" height=\"576\" src=\"https:\/\/serviziostatistico.invalsi.it\/wp-content\/uploads\/2023\/05\/32_I-Seminario-I-dati-INVALSI-uno-strumento-per-la-ricerca-1024x576.png\" alt=\"\" class=\"wp-image-5624\" srcset=\"https:\/\/serviziostatistico.invalsi.it\/wp-content\/uploads\/2023\/05\/32_I-Seminario-I-dati-INVALSI-uno-strumento-per-la-ricerca-1024x576.png 1024w, https:\/\/serviziostatistico.invalsi.it\/wp-content\/uploads\/2023\/05\/32_I-Seminario-I-dati-INVALSI-uno-strumento-per-la-ricerca-300x169.png 300w, https:\/\/serviziostatistico.invalsi.it\/wp-content\/uploads\/2023\/05\/32_I-Seminario-I-dati-INVALSI-uno-strumento-per-la-ricerca-768x432.png 768w, https:\/\/serviziostatistico.invalsi.it\/wp-content\/uploads\/2023\/05\/32_I-Seminario-I-dati-INVALSI-uno-strumento-per-la-ricerca-1536x864.png 1536w, https:\/\/serviziostatistico.invalsi.it\/wp-content\/uploads\/2023\/05\/32_I-Seminario-I-dati-INVALSI-uno-strumento-per-la-ricerca-18x10.png 18w, https:\/\/serviziostatistico.invalsi.it\/wp-content\/uploads\/2023\/05\/32_I-Seminario-I-dati-INVALSI-uno-strumento-per-la-ricerca.png 1920w\" sizes=\"(max-width: 1024px) 100vw, 1024px\" \/><\/figure>\n\n\n<div class=\"tribe-events-schedule tribe-clearfix\">\n\t<h2 class=\"tribe-events-schedule__datetime\">\n\t\t<span class=\"tribe-events-schedule__date tribe-events-schedule__date--start\">\n\t\t\t\t\t<\/span>\n\n\t\t\t\t\t<span class=\"tribe-events-schedule__separator tribe-events-schedule__separator--date\">\n\t\t\t\t   \t\t\t<\/span>\n\t\t\t<span class=\"tribe-events-schedule__time tribe-events-schedule__time--start\">\n\t\t\t\t\t\t\t<\/span>\n\t\t\n\t\t\t<\/h2>\n<\/div>\n\n\n\n<h2 class=\"wp-block-heading has-text-color has-medium-font-size\" style=\"color:#0066cc\">CALL FOR PROPOSAL<\/h2>\n\n\n\n<hr class=\"wp-block-separator has-text-color has-alpha-channel-opacity has-background is-style-wide\" style=\"background-color:#0066cc;color:#0066cc\"\/>\n\n\n\n<p>Il 20 settembre 2016 si \u00e8 tenuto a Roma un Seminario organizzato dall&#8217;INVALSI (Istituto Nazionale per la Valutazione del Sistema educativo di istruzione e di formazione) dal titolo &#8220;I dati INVALSI: uno strumento per la ricerca&#8221; finalizzato a promuovere e sostenere l&#8217;utilit\u00e0 e le potenzialit\u00e0 dell&#8217;utilizzo dei dati INVALSI nella ricerca scientifica. I dati censuari raccolti annualmente dall&#8217;Istituto costituiscono un preziosissimo strumento per indagare la qualit\u00e0 del sistema scolastico e per definire gli eventuali interventi di sostegno o potenziamento. Tutti i soggetti interessati hanno presentato dei lavori di ricerca gi\u00e0 conclusi condotti grazie ai dati INVALSI. L&#8217;obiettivo finale dell&#8217;iniziativa \u00e8 infatti quello di dare risalto e visibilit\u00e0 alle proposte ritenute idonee all&#8217;interno della comunit\u00e0 scientifica.<br>Le proposte selezionate, se non ancora pubblicate, saranno raccolte in un volume a stampa con codice ISBN sul tema del seminario.<\/p>\n\n\n\n<div style=\"height:100px\" aria-hidden=\"true\" class=\"wp-block-spacer\"><\/div>\n\n\n\n<h2 class=\"wp-block-heading has-text-color has-medium-font-size\" style=\"color:#0066cc\"><strong>PROGRAMMA<\/strong><\/h2>\n\n\n\n<hr class=\"wp-block-separator has-text-color has-alpha-channel-opacity has-background is-style-wide\" style=\"background-color:#046190;color:#046190\"\/>\n\n\n\n<div class=\"wp-block-buttons has-custom-font-size is-vertical is-layout-flex wp-container-1\" style=\"font-size:15px\">\n<div class=\"wp-block-button has-custom-font-size is-style-fill has-medium-font-size\"><a class=\"wp-block-button__link has-colore-primario-color has-text-color has-background wp-element-button\" href=\"https:\/\/serviziostatistico.invalsi.it\/wp-content\/uploads\/2023\/05\/Brochure_I.pdf\" style=\"border-radius:3px;background-color:#0066cc\" target=\"_blank\" rel=\"noreferrer noopener\"><strong>Scarica il libro degli abstract<\/strong><\/a><\/div>\n\n\n\n<div class=\"wp-block-button has-custom-font-size is-style-fill has-medium-font-size\"><a class=\"wp-block-button__link has-colore-primario-color has-text-color has-background wp-element-button\" href=\"https:\/\/serviziostatistico.invalsi.it\/wp-content\/uploads\/2023\/05\/Programma_slide_video_I.pdf\" style=\"border-radius:3px;background-color:#0066cc\" target=\"_blank\" rel=\"noreferrer noopener\"><strong>Programma (slide e video)<\/strong><\/a><\/div>\n\n\n\n<div class=\"wp-block-button has-custom-font-size is-style-fill has-medium-font-size\"><a class=\"wp-block-button__link has-colore-primario-color has-text-color has-background wp-element-button\" href=\"https:\/\/serviziostatistico.invalsi.it\/wp-content\/uploads\/2023\/05\/COMUNICATO-Seminario-I-dati-INVALSI-uno-strumento-per-la-ricerca.pdf\" style=\"border-radius:3px;background-color:#0066cc\" target=\"_blank\" rel=\"noreferrer noopener\"><strong>Comunicato stampa<\/strong><\/a><\/div>\n<\/div>\n\n\n\n<div style=\"height:100px\" aria-hidden=\"true\" class=\"wp-block-spacer\"><\/div>\n\n\n\n<h2 class=\"wp-block-heading has-text-color has-medium-font-size\" style=\"color:#0066cc\"><strong>SUBMISSION<\/strong><\/h2>\n\n\n\n<hr class=\"wp-block-separator has-text-color has-alpha-channel-opacity has-background is-style-wide\" style=\"background-color:#046190;color:#046190\"\/>\n\n\n\n<p>Coloro che sono interessati a presentare una proposta dovranno registrarsi sul sito <a rel=\"noreferrer noopener\" href=\"https:\/\/invalsi-serviziostatistico.cineca.it\/pon1420\/?form=registrazione_seminari_settembre2016&amp;pon=2014\" target=\"_blank\">https:\/\/invalsi-serviziostatistico.cineca.it\/pon1420\/?form=registrazione_seminari_settembre2016&amp;pon=2014<\/a> e sottoporre un abstract, in italiano e in inglese, del proprio lavoro di massimo 3.000 caratteri entro e non oltre le ore 12 del 15 luglio 2016. Gli abstract dovranno contenere il senso dell\u2019intero lavoro: l&#8217;obiettivo, la metodologia adottata e i principali risultati raggiunti.<br>Le proposte saranno valutate da una commissione nominata dal Direttore dell&#8217;INVALSI che sceglier\u00e0 quelle che saranno presentate durante il seminario. La comunicazione dell&#8217;avvenuta accettazione delle singole proposte avverr\u00e0 entro il 20 luglio 2016.<br>Le proposte accettate dovranno essere presentate entro le ore 12 del 6 settembre 2016 utilizzando la piattaforma <a rel=\"noreferrer noopener\" href=\"https:\/\/invalsi-serviziostatistico.cineca.it\/pon1420\/?form=area_riservata_settembre2016&amp;cod=b&amp;pon=2014\" target=\"_blank\">https:\/\/invalsi-serviziostatistico.cineca.it\/pon1420\/?form=area_riservata_settembre2016&amp;cod=b&amp;pon=2014<\/a>.<br>Entro le ore 12 del 15 settembre 2016 ogni autore dovr\u00e0 caricare su apposita piattaforma la presentazione che utilizzer\u00e0 durante il Seminario.<br>Per qualsiasi necessit\u00e0 o chiarimento \u00e8 possibile scrivere all&#8217;indirizzo di posta elettronica eventi@invalsi.it<\/p>\n\n\n\n<p><\/p>\n\n\n\n<p><strong>Luogo dell&#8217;evento<\/strong><br><\/p>\n\n\n\n<p>Hotel Massimo D&#8217;Azeglio<br>Via Cavour, 18<br>Roma, 00185<\/p>\n\n\n\n<div style=\"height:100px\" aria-hidden=\"true\" class=\"wp-block-spacer\"><\/div>\n\n\n\n<p><strong>15.07.2016 &#8211; AVVISO NOMINA COMMISSIONE<\/strong><br>Con Determinazione n. 218\/2016 il Direttore Generale ha nominato i membri della Commissione che risulta cosi composta:<\/p>\n\n\n\n<p>dott. Roberto Ricci;<br>dott.ssa Patrizia Falzetti;<br>prof.ssa Rossella Garuti.<\/p>\n\n\n\t<div class=\"tribe-block tribe-block__events-link\">\n\t\t<div class=\"tribe-events tribe-common\">\n\t\t\t<div class=\"tribe-events-c-subscribe-dropdown__container\">\n\t\t\t\t<div class=\"tribe-events-c-subscribe-dropdown\">\n\t\t\t\t\t<div class=\"tribe-common-c-btn-border tribe-events-c-subscribe-dropdown__button\" tabindex=\"0\">\n\t\t\t\t\t\t<svg  class=\"tribe-common-c-svgicon tribe-common-c-svgicon--cal-export tribe-events-c-subscribe-dropdown__export-icon\"  viewBox=\"0 0 23 17\" xmlns=\"http:\/\/www.w3.org\/2000\/svg\">\n  <path fill-rule=\"evenodd\" clip-rule=\"evenodd\" d=\"M.128.896V16.13c0 .211.145.383.323.383h15.354c.179 0 .323-.172.323-.383V.896c0-.212-.144-.383-.323-.383H.451C.273.513.128.684.128.896Zm16 6.742h-.901V4.679H1.009v10.729h14.218v-3.336h.901V7.638ZM1.01 1.614h14.218v2.058H1.009V1.614Z\" \/>\n  <path d=\"M20.5 9.846H8.312M18.524 6.953l2.89 2.909-2.855 2.855\" stroke-width=\"1.2\" stroke-linecap=\"round\" stroke-linejoin=\"round\"\/>\n<\/svg>\n\t\t\t\t\t\t<button class=\"tribe-events-c-subscribe-dropdown__button-text\">\n\t\t\t\t\t\t\tAdd to calendar\t\t\t\t\t\t<\/button>\n\t\t\t\t\t\t<svg  class=\"tribe-common-c-svgicon tribe-common-c-svgicon--caret-down tribe-events-c-subscribe-dropdown__button-icon\"  viewBox=\"0 0 10 7\" xmlns=\"http:\/\/www.w3.org\/2000\/svg\"><path fill-rule=\"evenodd\" clip-rule=\"evenodd\" d=\"M1.008.609L5 4.6 8.992.61l.958.958L5 6.517.05 1.566l.958-.958z\" class=\"tribe-common-c-svgicon__svg-fill\"\/><\/svg>\n\t\t\t\t\t<\/div>\n\t\t\t\t\t<div class=\"tribe-events-c-subscribe-dropdown__content\">\n\t\t\t\t\t\t<ul class=\"tribe-events-c-subscribe-dropdown__list\" tabindex=\"0\">\n\t\t\t\t\t\t\t\t\t\t\t\t\t\t\t<li class=\"tribe-events-c-subscribe-dropdown__list-item\">\n\t\t\t\t\t\t\t\t\t<a\n\t\t\t\t\t\t\t\t\t\thref=\"\"\n\t\t\t\t\t\t\t\t\t\tclass=\"tribe-events-c-subscribe-dropdown__list-item-link\"\n\t\t\t\t\t\t\t\t\t\ttabindex=\"0\"\n\t\t\t\t\t\t\t\t\t\ttarget=\"_blank\"\n\t\t\t\t\t\t\t\t\t\trel=\"noopener noreferrer nofollow noindex\"\n\t\t\t\t\t\t\t\t\t>\n\t\t\t\t\t\t\t\t\t\tGoogle Calendar\t\t\t\t\t\t\t\t\t<\/a>\n\t\t\t\t\t\t\t\t<\/li>\n\t\t\t\t\t\t\t\t\t\t\t\t\t\t\t<li class=\"tribe-events-c-subscribe-dropdown__list-item\">\n\t\t\t\t\t\t\t\t\t<a\n\t\t\t\t\t\t\t\t\t\thref=\"\"\n\t\t\t\t\t\t\t\t\t\tclass=\"tribe-events-c-subscribe-dropdown__list-item-link\"\n\t\t\t\t\t\t\t\t\t\ttabindex=\"0\"\n\t\t\t\t\t\t\t\t\t\ttarget=\"_blank\"\n\t\t\t\t\t\t\t\t\t\trel=\"noopener noreferrer nofollow noindex\"\n\t\t\t\t\t\t\t\t\t>\n\t\t\t\t\t\t\t\t\t\tiCalendar\t\t\t\t\t\t\t\t\t<\/a>\n\t\t\t\t\t\t\t\t<\/li>\n\t\t\t\t\t\t\t\t\t\t\t\t\t\t\t<li class=\"tribe-events-c-subscribe-dropdown__list-item\">\n\t\t\t\t\t\t\t\t\t<a\n\t\t\t\t\t\t\t\t\t\thref=\"\"\n\t\t\t\t\t\t\t\t\t\tclass=\"tribe-events-c-subscribe-dropdown__list-item-link\"\n\t\t\t\t\t\t\t\t\t\ttabindex=\"0\"\n\t\t\t\t\t\t\t\t\t\ttarget=\"_blank\"\n\t\t\t\t\t\t\t\t\t\trel=\"noopener noreferrer nofollow noindex\"\n\t\t\t\t\t\t\t\t\t>\n\t\t\t\t\t\t\t\t\t\tOutlook 365\t\t\t\t\t\t\t\t\t<\/a>\n\t\t\t\t\t\t\t\t<\/li>\n\t\t\t\t\t\t\t\t\t\t\t\t\t\t\t<li class=\"tribe-events-c-subscribe-dropdown__list-item\">\n\t\t\t\t\t\t\t\t\t<a\n\t\t\t\t\t\t\t\t\t\thref=\"\"\n\t\t\t\t\t\t\t\t\t\tclass=\"tribe-events-c-subscribe-dropdown__list-item-link\"\n\t\t\t\t\t\t\t\t\t\ttabindex=\"0\"\n\t\t\t\t\t\t\t\t\t\ttarget=\"_blank\"\n\t\t\t\t\t\t\t\t\t\trel=\"noopener noreferrer nofollow noindex\"\n\t\t\t\t\t\t\t\t\t>\n\t\t\t\t\t\t\t\t\t\tOutlook Live\t\t\t\t\t\t\t\t\t<\/a>\n\t\t\t\t\t\t\t\t<\/li>\n\t\t\t\t\t\t\t\t\t\t\t\t\t<\/ul>\n\t\t\t\t\t<\/div>\n\t\t\t\t<\/div>\n\t\t\t<\/div>\n\t\t<\/div>\n\t<\/div>","excerpt":"<p>Il Seminario \u00e8 finalizzato a promuovere e sostenere l&#8217;utilit\u00e0 e le potenzialit\u00e0 dell&#8217;utilizzo dei dati INVALSI nella ricerca scientifica. I dati censuari raccolti annualmente dall&#8217;Istituto costituiscono un preziosissimo strumento per indagare la qualit\u00e0 del sistema scolastico e per definire gli eventuali interventi di sostegno o potenziamento.<\/p>","slug":"i-seminario-i-dati-invalsi-uno-strumento-per-la-ricerca","image":{"url":"https:\/\/serviziostatistico.invalsi.it\/wp-content\/uploads\/2022\/08\/32_I-Seminario-I-dati-INVALSI-uno-strumento-per-la-ricerca_2.png","id":4248,"extension":"png","width":682,"height":384,"filesize":449240,"sizes":{"medium":{"width":300,"height":169,"mime-type":"image\/png","filesize":92592,"url":"https:\/\/serviziostatistico.invalsi.it\/wp-content\/uploads\/2022\/08\/32_I-Seminario-I-dati-INVALSI-uno-strumento-per-la-ricerca_2-300x169.png"},"thumbnail":{"width":150,"height":150,"mime-type":"image\/png","filesize":41547,"url":"https:\/\/serviziostatistico.invalsi.it\/wp-content\/uploads\/2022\/08\/32_I-Seminario-I-dati-INVALSI-uno-strumento-per-la-ricerca_2-150x150.png"},"gallery-preview":{"width":80,"height":80,"mime-type":"image\/png","filesize":13724,"url":"https:\/\/serviziostatistico.invalsi.it\/wp-content\/uploads\/2022\/08\/32_I-Seminario-I-dati-INVALSI-uno-strumento-per-la-ricerca_2-80x80.png"},"post-thumbnails":{"width":512,"height":384,"mime-type":"image\/png","filesize":292782,"url":"https:\/\/serviziostatistico.invalsi.it\/wp-content\/uploads\/2022\/08\/32_I-Seminario-I-dati-INVALSI-uno-strumento-per-la-ricerca_2-512x384.png"},"news-image":{"width":400,"height":220,"mime-type":"image\/png","filesize":149599,"url":"https:\/\/serviziostatistico.invalsi.it\/wp-content\/uploads\/2022\/08\/32_I-Seminario-I-dati-INVALSI-uno-strumento-per-la-ricerca_2-400x220.png"}}},"all_day":true,"start_date":"2016-09-20 00:00:00","start_date_details":{"year":"2016","month":"09","day":"20","hour":"00","minutes":"00","seconds":"00"},"end_date":"2016-09-20 23:59:00","end_date_details":{"year":"2016","month":"09","day":"20","hour":"23","minutes":"59","seconds":"00"},"utc_start_date":"2016-09-19 22:00:00","utc_start_date_details":{"year":"2016","month":"09","day":"19","hour":"22","minutes":"00","seconds":"00"},"utc_end_date":"2016-09-20 21:59:00","utc_end_date_details":{"year":"2016","month":"09","day":"20","hour":"21","minutes":"59","seconds":"00"},"timezone":"UTC+1","timezone_abbr":"","cost":"","cost_details":{"currency_symbol":"\u20ac","currency_code":"EUR","currency_position":"prefix","values":[]},"website":"","show_map":true,"show_map_link":true,"hide_from_listings":false,"sticky":false,"featured":false,"categories":[{"name":"Dati per la ricerca","slug":"dati-per-la-ricerca","term_group":0,"term_taxonomy_id":830,"taxonomy":"tribe_events_cat","description":"","parent":0,"count":10,"filter":"raw","id":830,"urls":{"self":"https:\/\/serviziostatistico.invalsi.it\/en\/wp-json\/tribe\/events\/v1\/categories\/830","collection":"https:\/\/serviziostatistico.invalsi.it\/en\/wp-json\/tribe\/events\/v1\/categories"}}],"tags":[],"venue":[],"organizer":[],"json_ld":{"@context":"http:\/\/schema.org","@type":"Event","name":"I Seminario &lt;br&gt; \u201cI dati INVALSI: uno strumento per la ricerca\u201d","description":"&lt;p&gt;Il Seminario \u00e8 finalizzato a promuovere e sostenere l\\'utilit\u00e0 e le potenzialit\u00e0 dell\\'utilizzo dei dati INVALSI nella ricerca scientifica. I dati censuari raccolti annualmente dall\\'Istituto costituiscono un preziosissimo strumento per indagare la qualit\u00e0 del sistema scolastico e per definire gli eventuali interventi di sostegno o potenziamento.&lt;\/p&gt;\\n","image":"https:\/\/serviziostatistico.invalsi.it\/wp-content\/uploads\/2022\/08\/32_I-Seminario-I-dati-INVALSI-uno-strumento-per-la-ricerca_2.png","url":"https:\/\/serviziostatistico.invalsi.it\/en\/evento\/i-seminario-i-dati-invalsi-uno-strumento-per-la-ricerca\/","eventAttendanceMode":"https:\/\/schema.org\/OfflineEventAttendanceMode","eventStatus":"https:\/\/schema.org\/EventScheduled","startDate":"2016-09-20T00:00:00+01:00","endDate":"2016-09-20T23:59:00+01:00","performer":"Organization"}}