{"id":3785,"global_id":"serviziostatistico.invalsi.it\/en?id=3785","global_id_lineage":["serviziostatistico.invalsi.it\/en?id=3785"],"author":"4","status":"publish","date":"2023-01-26 15:14:18","date_utc":"2023-01-26 14:14:18","modified":"2023-02-23 10:24:52","modified_utc":"2023-02-23 09:24:52","url":"https:\/\/serviziostatistico.invalsi.it\/en\/evento\/unibgirls-stem\/","rest_url":"https:\/\/serviziostatistico.invalsi.it\/en\/wp-json\/tribe\/events\/v1\/events\/3785","title":"UniBgirls &#038; STEM","description":"<div class=\"tribe-events-schedule tribe-clearfix\">\n\t<h2 class=\"tribe-events-schedule__datetime\">\n\t\t<span class=\"tribe-events-schedule__date tribe-events-schedule__date--start\">\n\t\t\t\t\t<\/span>\n\n\t\t\t\t\t<span class=\"tribe-events-schedule__separator tribe-events-schedule__separator--date\">\n\t\t\t\t   \t\t\t<\/span>\n\t\t\t<span class=\"tribe-events-schedule__time tribe-events-schedule__time--start\">\n\t\t\t\t\t\t\t<\/span>\n\t\t\n\t\t\t<\/h2>\n<\/div>\n\n\n\n<p>Il 10 febbraio 2023 dalle 9.00 alle 13.15, presso l&#8217;Aula Magna<br>Piazzale Sant\u2019Agostino 2, Bergamo si terr\u00e0 l&#8217;evento \ud835\udc14\ud835\udc27\ud835\udc22\ud835\udc01\ud835\udc20\ud835\udc22\ud835\udc2b\ud835\udc25\ud835\udc2c &amp; \ud835\udc12\ud835\udc13\ud835\udc04\ud835\udc0c.<\/p>\n\n\n\n<p>In occasione della \ud835\udc6e\ud835\udc8a\ud835\udc90\ud835\udc93\ud835\udc8f\ud835\udc82\ud835\udc95\ud835\udc82 \ud835\udc70\ud835\udc8f\ud835\udc95\ud835\udc86\ud835\udc93\ud835\udc8f\ud835\udc82\ud835\udc9b\ud835\udc8a\ud835\udc90\ud835\udc8f\ud835\udc82\ud835\udc8d\ud835\udc86 \ud835\udc85\ud835\udc86\ud835\udc8d\ud835\udc8d\ud835\udc86 \ud835\udc85\ud835\udc90\ud835\udc8f\ud835\udc8f\ud835\udc86 \ud835\udc86 \ud835\udc85\ud835\udc86\ud835\udc8d\ud835\udc8d\ud835\udc86 \ud835\udc93\ud835\udc82\ud835\udc88\ud835\udc82\ud835\udc9b\ud835\udc9b\ud835\udc86 \ud835\udc8f\ud835\udc86\ud835\udc8d\ud835\udc8d\ud835\udc82 \ud835\udc94\ud835\udc84\ud835\udc8a\ud835\udc86\ud835\udc8f\ud835\udc9b\ud835\udc82, l\u2019Universit\u00e0 degli studi di Bergamo invita gli studenti e le studentesse delle scuole superiori ad un evento di sensibilizzazione alla scelta di percorsi di studi universitari tecnico-scientifici.<br>Partendo dalla testimonianza di studentesse e studenti, laureate e laureati di corsi di laurea in ambito \ud835\udc12\ud835\udc13\ud835\udc04\ud835\udc0c (\ud835\udc12\ud835\udc1c\ud835\udc22\ud835\udc1e\ud835\udc27\ud835\udc1c\ud835\udc1e, \ud835\udc13\ud835\udc1e\ud835\udc1c\ud835\udc21\ud835\udc27\ud835\udc28\ud835\udc25\ud835\udc28\ud835\udc20\ud835\udc32, \ud835\udc04\ud835\udc27\ud835\udc20\ud835\udc22\ud835\udc27\ud835\udc1e\ud835\udc1e\ud835\udc2b\ud835\udc22\ud835\udc27\ud835\udc20 \ud835\udc1a\ud835\udc27\ud835\udc1d \ud835\udc0c\ud835\udc1a\ud835\udc2d\ud835\udc21\ud835\udc1e\ud835\udc26\ud835\udc1a\ud835\udc2d\ud835\udc22\ud835\udc1c\ud835\udc2c) dell\u2019Universit\u00e0 degli studi di Bergamo, si avvier\u00e0 un momento di confronto e riflessione sulle opportunit\u00e0 che offrono questi percorsi di studi per la propria crescita individuale e per lo sviluppo economico-sociale. La riflessione sar\u00e0 supportata dai risultati delle analisi di #INVALSI e Valore D e dagli interventi delle aziende del territorio.<\/p>\n\n\n\n<p>L\u2019evento sar\u00e0 moderato da Elvira Conca, Caposervizio Economia de L\u2019Eco di Bergamo.<\/p>\n\n\n\n<p>Scarica <a href=\"https:\/\/serviziostatistico.invalsi.it\/wp-content\/uploads\/2023\/01\/UniBg-Unibgirls-STEM-fin.pdf\" target=\"_blank\" rel=\"noreferrer noopener\">qui<\/a> il programma dell&#8217;evento.<\/p>\n\n\n\n<div style=\"height:20px\" aria-hidden=\"true\" class=\"wp-block-spacer\"><\/div>\n\n\n\n<div class=\"wp-block-columns is-layout-flex wp-container-3\">\n<div class=\"wp-block-column is-vertically-aligned-top is-layout-flow\" style=\"flex-basis:12%\">\n<figure class=\"wp-block-image size-thumbnail is-resized is-style-default\"><a href=\"https:\/\/serviziostatistico.invalsi.it\/wp-content\/uploads\/2023\/02\/Giannantoni_Falzetti-UNIBG_2023.pdf\" target=\"_blank\" rel=\"noreferrer noopener\"><img decoding=\"async\" loading=\"lazy\" src=\"https:\/\/serviziostatistico.invalsi.it\/wp-content\/uploads\/2023\/02\/Slide_2-3-150x150.png\" alt=\"\" class=\"wp-image-4053\" width=\"100\" height=\"100\" srcset=\"https:\/\/serviziostatistico.invalsi.it\/wp-content\/uploads\/2023\/02\/Slide_2-3-150x150.png 150w, https:\/\/serviziostatistico.invalsi.it\/wp-content\/uploads\/2023\/02\/Slide_2-3-300x300.png 300w, https:\/\/serviziostatistico.invalsi.it\/wp-content\/uploads\/2023\/02\/Slide_2-3-80x80.png 80w, https:\/\/serviziostatistico.invalsi.it\/wp-content\/uploads\/2023\/02\/Slide_2-3.png 500w\" sizes=\"(max-width: 100px) 100vw, 100px\" \/><\/a><\/figure>\n<\/div>\n\n\n\n<div class=\"wp-block-column is-vertically-aligned-center is-layout-flow\" style=\"flex-basis:81.63%\">\n<p>Clicca sull&#8217;immagine per scaricare la slide in PDF dell&#8217;evento.<\/p>\n<\/div>\n<\/div>\n\n\n<div class=\"tribe-block tribe-block__event-price\">\n\t\t<\/div>\n\n\n<div class=\"tribe-block tribe-block__organizer__details tribe-clearfix\">\n\t<div class=\"tribe-block__organizer__title\">\n\t\t<h3><a href=\"https:\/\/serviziostatistico.invalsi.it\/en\/organiser\/universita-degli-studi-di-bergamo\/\" title=\"Universit\u00e0 degli Studi di Bergamo\" target=\"_self\" rel=\"\">Universit\u00e0 degli Studi di Bergamo<\/a><\/h3>\n\t<\/div>\n\t\t\t<\/div>\n\n\n<div class=\"tribe-block tribe-block__venue \">\n\t\n\t\t\n\t<\/div>\n\n\n\n\n\t<div class=\"tribe-block tribe-block__events-link\">\n\t\t<div class=\"tribe-events tribe-common\">\n\t\t\t<div class=\"tribe-events-c-subscribe-dropdown__container\">\n\t\t\t\t<div class=\"tribe-events-c-subscribe-dropdown\">\n\t\t\t\t\t<div class=\"tribe-common-c-btn-border tribe-events-c-subscribe-dropdown__button\" tabindex=\"0\">\n\t\t\t\t\t\t<svg  class=\"tribe-common-c-svgicon tribe-common-c-svgicon--cal-export tribe-events-c-subscribe-dropdown__export-icon\"  viewBox=\"0 0 23 17\" xmlns=\"http:\/\/www.w3.org\/2000\/svg\">\n  <path fill-rule=\"evenodd\" clip-rule=\"evenodd\" d=\"M.128.896V16.13c0 .211.145.383.323.383h15.354c.179 0 .323-.172.323-.383V.896c0-.212-.144-.383-.323-.383H.451C.273.513.128.684.128.896Zm16 6.742h-.901V4.679H1.009v10.729h14.218v-3.336h.901V7.638ZM1.01 1.614h14.218v2.058H1.009V1.614Z\" \/>\n  <path d=\"M20.5 9.846H8.312M18.524 6.953l2.89 2.909-2.855 2.855\" stroke-width=\"1.2\" stroke-linecap=\"round\" stroke-linejoin=\"round\"\/>\n<\/svg>\n\t\t\t\t\t\t<button class=\"tribe-events-c-subscribe-dropdown__button-text\">\n\t\t\t\t\t\t\tAdd to calendar\t\t\t\t\t\t<\/button>\n\t\t\t\t\t\t<svg  class=\"tribe-common-c-svgicon tribe-common-c-svgicon--caret-down tribe-events-c-subscribe-dropdown__button-icon\"  viewBox=\"0 0 10 7\" xmlns=\"http:\/\/www.w3.org\/2000\/svg\"><path fill-rule=\"evenodd\" clip-rule=\"evenodd\" d=\"M1.008.609L5 4.6 8.992.61l.958.958L5 6.517.05 1.566l.958-.958z\" class=\"tribe-common-c-svgicon__svg-fill\"\/><\/svg>\n\t\t\t\t\t<\/div>\n\t\t\t\t\t<div class=\"tribe-events-c-subscribe-dropdown__content\">\n\t\t\t\t\t\t<ul class=\"tribe-events-c-subscribe-dropdown__list\" tabindex=\"0\">\n\t\t\t\t\t\t\t\t\t\t\t\t\t\t\t<li class=\"tribe-events-c-subscribe-dropdown__list-item\">\n\t\t\t\t\t\t\t\t\t<a\n\t\t\t\t\t\t\t\t\t\thref=\"\"\n\t\t\t\t\t\t\t\t\t\tclass=\"tribe-events-c-subscribe-dropdown__list-item-link\"\n\t\t\t\t\t\t\t\t\t\ttabindex=\"0\"\n\t\t\t\t\t\t\t\t\t\ttarget=\"_blank\"\n\t\t\t\t\t\t\t\t\t\trel=\"noopener noreferrer nofollow noindex\"\n\t\t\t\t\t\t\t\t\t>\n\t\t\t\t\t\t\t\t\t\tGoogle Calendar\t\t\t\t\t\t\t\t\t<\/a>\n\t\t\t\t\t\t\t\t<\/li>\n\t\t\t\t\t\t\t\t\t\t\t\t\t\t\t<li class=\"tribe-events-c-subscribe-dropdown__list-item\">\n\t\t\t\t\t\t\t\t\t<a\n\t\t\t\t\t\t\t\t\t\thref=\"\"\n\t\t\t\t\t\t\t\t\t\tclass=\"tribe-events-c-subscribe-dropdown__list-item-link\"\n\t\t\t\t\t\t\t\t\t\ttabindex=\"0\"\n\t\t\t\t\t\t\t\t\t\ttarget=\"_blank\"\n\t\t\t\t\t\t\t\t\t\trel=\"noopener noreferrer nofollow noindex\"\n\t\t\t\t\t\t\t\t\t>\n\t\t\t\t\t\t\t\t\t\tiCalendar\t\t\t\t\t\t\t\t\t<\/a>\n\t\t\t\t\t\t\t\t<\/li>\n\t\t\t\t\t\t\t\t\t\t\t\t\t\t\t<li class=\"tribe-events-c-subscribe-dropdown__list-item\">\n\t\t\t\t\t\t\t\t\t<a\n\t\t\t\t\t\t\t\t\t\thref=\"\"\n\t\t\t\t\t\t\t\t\t\tclass=\"tribe-events-c-subscribe-dropdown__list-item-link\"\n\t\t\t\t\t\t\t\t\t\ttabindex=\"0\"\n\t\t\t\t\t\t\t\t\t\ttarget=\"_blank\"\n\t\t\t\t\t\t\t\t\t\trel=\"noopener noreferrer nofollow noindex\"\n\t\t\t\t\t\t\t\t\t>\n\t\t\t\t\t\t\t\t\t\tOutlook 365\t\t\t\t\t\t\t\t\t<\/a>\n\t\t\t\t\t\t\t\t<\/li>\n\t\t\t\t\t\t\t\t\t\t\t\t\t\t\t<li class=\"tribe-events-c-subscribe-dropdown__list-item\">\n\t\t\t\t\t\t\t\t\t<a\n\t\t\t\t\t\t\t\t\t\thref=\"\"\n\t\t\t\t\t\t\t\t\t\tclass=\"tribe-events-c-subscribe-dropdown__list-item-link\"\n\t\t\t\t\t\t\t\t\t\ttabindex=\"0\"\n\t\t\t\t\t\t\t\t\t\ttarget=\"_blank\"\n\t\t\t\t\t\t\t\t\t\trel=\"noopener noreferrer nofollow noindex\"\n\t\t\t\t\t\t\t\t\t>\n\t\t\t\t\t\t\t\t\t\tOutlook Live\t\t\t\t\t\t\t\t\t<\/a>\n\t\t\t\t\t\t\t\t<\/li>\n\t\t\t\t\t\t\t\t\t\t\t\t\t<\/ul>\n\t\t\t\t\t<\/div>\n\t\t\t\t<\/div>\n\t\t\t<\/div>\n\t\t<\/div>\n\t<\/div>","excerpt":"<p>In occasione della \ud835\udc6e\ud835\udc8a\ud835\udc90\ud835\udc93\ud835\udc8f\ud835\udc82\ud835\udc95\ud835\udc82 \ud835\udc70\ud835\udc8f\ud835\udc95\ud835\udc86\ud835\udc93\ud835\udc8f\ud835\udc82\ud835\udc9b\ud835\udc8a\ud835\udc90\ud835\udc8f\ud835\udc82\ud835\udc8d\ud835\udc86 \ud835\udc85\ud835\udc86\ud835\udc8d\ud835\udc8d\ud835\udc86 \ud835\udc85\ud835\udc90\ud835\udc8f\ud835\udc8f\ud835\udc86 \ud835\udc86 \ud835\udc85\ud835\udc86\ud835\udc8d\ud835\udc8d\ud835\udc86 \ud835\udc93\ud835\udc82\ud835\udc88\ud835\udc82\ud835\udc9b\ud835\udc9b\ud835\udc86 \ud835\udc8f\ud835\udc86\ud835\udc8d\ud835\udc8d\ud835\udc82 \ud835\udc94\ud835\udc84\ud835\udc8a\ud835\udc86\ud835\udc8f\ud835\udc9b\ud835\udc82, l\u2019Universit\u00e0 degli studi di Bergamo invita gli studenti e le studentesse delle scuole superiori ad un evento di sensibilizzazione alla scelta di percorsi di studi universitari tecnico-scientifici.<\/p>","slug":"unibgirls-stem","image":{"url":"https:\/\/serviziostatistico.invalsi.it\/wp-content\/uploads\/2023\/01\/33_UniBgirlsSTEM.png","id":4013,"extension":"png","width":1920,"height":1080,"filesize":1298845,"sizes":{"medium":{"width":300,"height":169,"mime-type":"image\/png","filesize":69204,"url":"https:\/\/serviziostatistico.invalsi.it\/wp-content\/uploads\/2023\/01\/33_UniBgirlsSTEM-300x169.png"},"large":{"width":1024,"height":576,"mime-type":"image\/png","filesize":497345,"url":"https:\/\/serviziostatistico.invalsi.it\/wp-content\/uploads\/2023\/01\/33_UniBgirlsSTEM-1024x576.png"},"thumbnail":{"width":150,"height":150,"mime-type":"image\/png","filesize":29596,"url":"https:\/\/serviziostatistico.invalsi.it\/wp-content\/uploads\/2023\/01\/33_UniBgirlsSTEM-150x150.png"},"medium_large":{"width":768,"height":432,"mime-type":"image\/png","filesize":316149,"url":"https:\/\/serviziostatistico.invalsi.it\/wp-content\/uploads\/2023\/01\/33_UniBgirlsSTEM-768x432.png"},"1536x1536":{"width":1536,"height":864,"mime-type":"image\/png","filesize":930680,"url":"https:\/\/serviziostatistico.invalsi.it\/wp-content\/uploads\/2023\/01\/33_UniBgirlsSTEM-1536x864.png"},"gallery-preview":{"width":80,"height":80,"mime-type":"image\/png","filesize":9954,"url":"https:\/\/serviziostatistico.invalsi.it\/wp-content\/uploads\/2023\/01\/33_UniBgirlsSTEM-80x80.png"},"post-thumbnails":{"width":512,"height":512,"mime-type":"image\/png","filesize":233076,"url":"https:\/\/serviziostatistico.invalsi.it\/wp-content\/uploads\/2023\/01\/33_UniBgirlsSTEM-512x512.png"},"news-image":{"width":400,"height":220,"mime-type":"image\/png","filesize":113342,"url":"https:\/\/serviziostatistico.invalsi.it\/wp-content\/uploads\/2023\/01\/33_UniBgirlsSTEM-400x220.png"}}},"all_day":false,"start_date":"2023-02-10 09:00:00","start_date_details":{"year":"2023","month":"02","day":"10","hour":"09","minutes":"00","seconds":"00"},"end_date":"2023-02-10 13:15:00","end_date_details":{"year":"2023","month":"02","day":"10","hour":"13","minutes":"15","seconds":"00"},"utc_start_date":"2023-02-10 08:00:00","utc_start_date_details":{"year":"2023","month":"02","day":"10","hour":"08","minutes":"00","seconds":"00"},"utc_end_date":"2023-02-10 12:15:00","utc_end_date_details":{"year":"2023","month":"02","day":"10","hour":"12","minutes":"15","seconds":"00"},"timezone":"UTC+1","timezone_abbr":"","cost":"","cost_details":{"currency_symbol":"\u20ac","currency_code":"EUR","currency_position":"prefix","values":[]},"website":"","show_map":true,"show_map_link":true,"hide_from_listings":false,"sticky":false,"featured":false,"categories":[{"name":"Eventi","slug":"eventi","term_group":0,"term_taxonomy_id":174,"taxonomy":"tribe_events_cat","description":"","parent":0,"count":19,"filter":"raw","id":174,"urls":{"self":"https:\/\/serviziostatistico.invalsi.it\/en\/wp-json\/tribe\/events\/v1\/categories\/174","collection":"https:\/\/serviziostatistico.invalsi.it\/en\/wp-json\/tribe\/events\/v1\/categories"}}],"tags":[],"venue":{"id":3787,"author":"4","status":"publish","date":"2023-01-26 15:14:21","date_utc":"2023-01-26 14:14:21","modified":"2023-01-26 15:14:21","modified_utc":"2023-01-26 14:14:21","url":"https:\/\/serviziostatistico.invalsi.it\/en\/venue\/universita-degli-studi-di-bergamo-aula-magna\/","venue":"Universit\u00e0 degli Studi di Bergamo &#8211; Aula Magna","slug":"universita-degli-studi-di-bergamo-aula-magna","address":"Piazzale Sant\u2019Agostino 2","city":"Bergamo","country":"Italia","zip":"24129","json_ld":{"@type":"Place","name":"Universit\u00e0 degli Studi di Bergamo &#8211; Aula Magna","description":"","url":"https:\/\/serviziostatistico.invalsi.it\/en\/venue\/universita-degli-studi-di-bergamo-aula-magna\/","address":{"@type":"PostalAddress","streetAddress":"Piazzale Sant\u2019Agostino 2","addressLocality":"Bergamo","postalCode":"24129","addressCountry":"Italia"},"telephone":"","sameAs":""},"show_map":true,"show_map_link":true,"global_id":"serviziostatistico.invalsi.it\/en?id=3787","global_id_lineage":["serviziostatistico.invalsi.it\/en?id=3787"]},"organizer":[{"id":3786,"author":"4","status":"publish","date":"2023-01-26 15:14:21","date_utc":"2023-01-26 14:14:21","modified":"2023-01-26 15:14:21","modified_utc":"2023-01-26 14:14:21","url":"https:\/\/serviziostatistico.invalsi.it\/en\/organiser\/universita-degli-studi-di-bergamo\/","organizer":"Universit\u00e0 degli Studi di Bergamo","slug":"universita-degli-studi-di-bergamo","json_ld":{"@type":"Person","name":"Universit\u00e0 degli Studi di Bergamo","description":"","url":"","telephone":"","email":"","sameAs":""},"global_id":"serviziostatistico.invalsi.it\/en?id=3786","global_id_lineage":["serviziostatistico.invalsi.it\/en?id=3786"]}],"json_ld":{"@context":"http:\/\/schema.org","@type":"Event","name":"UniBgirls &#038; STEM","description":"&lt;p&gt;In occasione della \ud835\udc6e\ud835\udc8a\ud835\udc90\ud835\udc93\ud835\udc8f\ud835\udc82\ud835\udc95\ud835\udc82 \ud835\udc70\ud835\udc8f\ud835\udc95\ud835\udc86\ud835\udc93\ud835\udc8f\ud835\udc82\ud835\udc9b\ud835\udc8a\ud835\udc90\ud835\udc8f\ud835\udc82\ud835\udc8d\ud835\udc86 \ud835\udc85\ud835\udc86\ud835\udc8d\ud835\udc8d\ud835\udc86 \ud835\udc85\ud835\udc90\ud835\udc8f\ud835\udc8f\ud835\udc86 \ud835\udc86 \ud835\udc85\ud835\udc86\ud835\udc8d\ud835\udc8d\ud835\udc86 \ud835\udc93\ud835\udc82\ud835\udc88\ud835\udc82\ud835\udc9b\ud835\udc9b\ud835\udc86 \ud835\udc8f\ud835\udc86\ud835\udc8d\ud835\udc8d\ud835\udc82 \ud835\udc94\ud835\udc84\ud835\udc8a\ud835\udc86\ud835\udc8f\ud835\udc9b\ud835\udc82, l\u2019Universit\u00e0 degli studi di Bergamo invita gli studenti e le studentesse delle scuole superiori ad un evento di sensibilizzazione alla scelta di percorsi di studi universitari tecnico-scientifici.&lt;\/p&gt;\\n","image":"https:\/\/serviziostatistico.invalsi.it\/wp-content\/uploads\/2023\/01\/33_UniBgirlsSTEM.png","url":"https:\/\/serviziostatistico.invalsi.it\/en\/evento\/unibgirls-stem\/","eventAttendanceMode":"https:\/\/schema.org\/OfflineEventAttendanceMode","eventStatus":"https:\/\/schema.org\/EventScheduled","startDate":"2023-02-10T09:00:00+01:00","endDate":"2023-02-10T13:15:00+01:00","location":{"@type":"Place","name":"Universit\u00e0 degli Studi di Bergamo &#8211; Aula Magna","description":"","url":"https:\/\/serviziostatistico.invalsi.it\/en\/venue\/universita-degli-studi-di-bergamo-aula-magna\/","address":{"@type":"PostalAddress","streetAddress":"Piazzale Sant\u2019Agostino 2","addressLocality":"Bergamo","postalCode":"24129","addressCountry":"Italia"},"telephone":"","sameAs":""},"organizer":{"@type":"Person","name":"Universit\u00e0 degli Studi di Bergamo","description":"","url":"","telephone":"","email":"","sameAs":""},"performer":"Organization"}}